{"id":84,"date":"2022-04-11T20:56:22","date_gmt":"2022-04-11T18:56:22","guid":{"rendered":"https:\/\/foley.flywheelsites.com\/index.php\/2022\/04\/11\/der-bau\/"},"modified":"2022-04-25T21:53:46","modified_gmt":"2022-04-25T19:53:46","slug":"der-bau","status":"publish","type":"post","link":"https:\/\/foley.at\/index.php\/2022\/04\/11\/der-bau\/","title":{"rendered":"Der Bau"},"content":{"rendered":"\t\t<div data-elementor-type=\"wp-post\" data-elementor-id=\"84\" class=\"elementor elementor-84\">\n\t\t\t\t\t\t<section class=\"elementor-section elementor-top-section elementor-element elementor-element-2f359825 elementor-section-boxed elementor-section-height-default elementor-section-height-default\" data-id=\"2f359825\" data-element_type=\"section\" data-e-type=\"section\">\n\t\t\t\t\t\t<div class=\"elementor-container elementor-column-gap-default\">\n\t\t\t\t\t<div class=\"elementor-column elementor-col-100 elementor-top-column elementor-element elementor-element-6cbe1177\" data-id=\"6cbe1177\" data-element_type=\"column\" data-e-type=\"column\">\n\t\t\t<div class=\"elementor-widget-wrap elementor-element-populated\">\n\t\t\t\t\t\t<div class=\"elementor-element elementor-element-9972b6f elementor-widget elementor-widget-text-editor\" data-id=\"9972b6f\" data-element_type=\"widget\" data-e-type=\"widget\" data-widget_type=\"text-editor.default\">\n\t\t\t\t<div class=\"elementor-widget-container\">\n\t\t\t\t\t\t\t\t\t\n<p>\u201cDer Bau\u201d von Franz Kafka ist eine virtuelle Reise durch das Schauspielhaus Graz &#8211; und war am Set und im Studio eine dreidimensionale Sounddesign-Spielwiese.<br><br>Premiere: 28. Mai 2021<\/p>\n\n\n\n<p><strong>MIT<\/strong> Florian K\u00f6hler<br><strong>REGIE<\/strong> Elena Bakirova<br><strong>BILDGESTALTUNG\/SCHNITT<\/strong> Markus Zizenbacher\u00a0<br><strong>AUSSTATTUNG <\/strong>Tanja Kramberger<br><strong>DRAMATURGIE<\/strong> Elisabeth Tropper<br><br><a href=\"http:\/\/schauspielhaus-graz.buehnen-graz.com\/play-detail\/der-bau\/\" data-type=\"URL\" data-id=\"schauspielhaus-graz.buehnen-graz.com\/play-detail\/der-bau\/\">schauspielhaus-graz.buehnen-graz.com\/play-detail\/der-bau\/<\/a><br><br>\u201eDer VR-Brille sei Dank: Die Franz-Kafka-Erz\u00e4hlung \u201aDer Bau\u2018 f\u00fchrt als famose virtuelle Vorstellung durch das Innere des Schauspielhaus Graz \u2013 und gestattet es doch jedem Besucher, bei sich daheim zu bleiben. [\u2026] Donnernder Applaus allen Beteiligten.\u201c <strong>(Der Standard \/ www.derstandard.at, Ronald Pohl, 29.05.2021)<br><br><\/strong>\u201eVirtual-Reality-Brille sei dank, wird Florian K\u00f6hler mit Rundumblick durch Orte im Schauspielhaus begleitet, die f\u00fcr gew\u00f6hnlich verborgen bleiben. Versteckte G\u00e4nge, die stolze Drehb\u00fchne, unbenutzte Requisiten. Virtuell wird man zum lautlosen Eindringling in diesem Dachsbau eines Neurotikers. Die VR-Brille wird zum Verst\u00e4rker des Wahns, zugleich z\u00fcgelt die Ungreifbarkeit von Kafkas Sprache die Empathie. Am Ende der Regiearbeit von Elena Bakirova bleibt man alleine, das Klatschen verklingt ungeh\u00f6rt. N\u00e4her kann man Kafkas Prosafigur nicht kommen.\u201c<strong> (Kleine Zeitung, Daniel Hadler, 30.05.2021)<\/strong><\/p>\n\t\t\t\t\t\t\t\t<\/div>\n\t\t\t\t<\/div>\n\t\t\t\t\t<\/div>\n\t\t<\/div>\n\t\t\t\t\t<\/div>\n\t\t<\/section>\n\t\t\t\t<\/div>\n\t\t","protected":false},"excerpt":{"rendered":"<p>\u201cDer Bau\u201d von Franz Kafka ist eine virtuelle Reise durch das Schauspielhaus Graz &#8211; und war am Set und im Studio eine dreidimensionale Sounddesign-Spielwiese. Premiere: 28. Mai 2021 MIT Florian K\u00f6hlerREGIE Elena BakirovaBILDGESTALTUNG\/SCHNITT Markus Zizenbacher\u00a0AUSSTATTUNG Tanja KrambergerDRAMATURGIE Elisabeth Tropper schauspielhaus-graz.buehnen-graz.com\/play-detail\/der-bau\/ \u201eDer VR-Brille sei Dank: Die Franz-Kafka-Erz\u00e4hlung \u201aDer Bau\u2018 f\u00fchrt als famose virtuelle Vorstellung durch das [&hellip;]<\/p>\n","protected":false},"author":2,"featured_media":87,"comment_status":"open","ping_status":"open","sticky":false,"template":"","format":"standard","meta":{"footnotes":""},"categories":[1],"tags":[],"class_list":["post-84","post","type-post","status-publish","format-standard","has-post-thumbnail","hentry","category-uncategorized"],"yoast_head":"<!-- This site is optimized with the Yoast SEO plugin v27.5 - https:\/\/yoast.com\/product\/yoast-seo-wordpress\/ -->\n<title>Der Bau - foley.at<\/title>\n<meta name=\"robots\" content=\"index, follow, max-snippet:-1, max-image-preview:large, max-video-preview:-1\" \/>\n<link rel=\"canonical\" href=\"https:\/\/foley.at\/index.php\/2022\/04\/11\/der-bau\/\" \/>\n<meta property=\"og:locale\" content=\"en_US\" \/>\n<meta property=\"og:type\" content=\"article\" \/>\n<meta property=\"og:title\" content=\"Der Bau - foley.at\" \/>\n<meta property=\"og:description\" content=\"\u201cDer Bau\u201d von Franz Kafka ist eine virtuelle Reise durch das Schauspielhaus Graz &#8211; und war am Set und im Studio eine dreidimensionale Sounddesign-Spielwiese. Premiere: 28. Mai 2021 MIT Florian K\u00f6hlerREGIE Elena BakirovaBILDGESTALTUNG\/SCHNITT Markus Zizenbacher\u00a0AUSSTATTUNG Tanja KrambergerDRAMATURGIE Elisabeth Tropper schauspielhaus-graz.buehnen-graz.com\/play-detail\/der-bau\/ \u201eDer VR-Brille sei Dank: Die Franz-Kafka-Erz\u00e4hlung \u201aDer Bau\u2018 f\u00fchrt als famose virtuelle Vorstellung durch das [&hellip;]\" \/>\n<meta property=\"og:url\" content=\"https:\/\/foley.at\/index.php\/2022\/04\/11\/der-bau\/\" \/>\n<meta property=\"og:site_name\" content=\"foley.at\" \/>\n<meta property=\"article:published_time\" content=\"2022-04-11T18:56:22+00:00\" \/>\n<meta property=\"article:modified_time\" content=\"2022-04-25T19:53:46+00:00\" \/>\n<meta property=\"og:image\" content=\"http:\/\/foley.at\/wp-content\/uploads\/2022\/04\/Schauspielhaus-Graz_Der-Bau_Florian-Kohler_c_Johanna-Lamprecht_032-280x180-1.jpg\" \/>\n\t<meta property=\"og:image:width\" content=\"280\" \/>\n\t<meta property=\"og:image:height\" content=\"180\" \/>\n\t<meta property=\"og:image:type\" content=\"image\/jpeg\" \/>\n<meta name=\"author\" content=\"Horst Schnattler\" \/>\n<meta name=\"twitter:card\" content=\"summary_large_image\" \/>\n<meta name=\"twitter:label1\" content=\"Written by\" \/>\n\t<meta name=\"twitter:data1\" content=\"Horst Schnattler\" \/>\n\t<meta name=\"twitter:label2\" content=\"Est. reading time\" \/>\n\t<meta name=\"twitter:data2\" content=\"1 minute\" \/>\n<script type=\"application\/ld+json\" class=\"yoast-schema-graph\">{\"@context\":\"https:\\\/\\\/schema.org\",\"@graph\":[{\"@type\":\"Article\",\"@id\":\"https:\\\/\\\/foley.at\\\/index.php\\\/2022\\\/04\\\/11\\\/der-bau\\\/#article\",\"isPartOf\":{\"@id\":\"https:\\\/\\\/foley.at\\\/index.php\\\/2022\\\/04\\\/11\\\/der-bau\\\/\"},\"author\":{\"name\":\"Horst Schnattler\",\"@id\":\"https:\\\/\\\/foley.at\\\/#\\\/schema\\\/person\\\/30052c82dbf1cfd0673d02f4f82a4f07\"},\"headline\":\"Der Bau\",\"datePublished\":\"2022-04-11T18:56:22+00:00\",\"dateModified\":\"2022-04-25T19:53:46+00:00\",\"mainEntityOfPage\":{\"@id\":\"https:\\\/\\\/foley.at\\\/index.php\\\/2022\\\/04\\\/11\\\/der-bau\\\/\"},\"wordCount\":179,\"commentCount\":0,\"image\":{\"@id\":\"https:\\\/\\\/foley.at\\\/index.php\\\/2022\\\/04\\\/11\\\/der-bau\\\/#primaryimage\"},\"thumbnailUrl\":\"https:\\\/\\\/foley.at\\\/wp-content\\\/uploads\\\/2022\\\/04\\\/Schauspielhaus-Graz_Der-Bau_Florian-Kohler_c_Johanna-Lamprecht_032-280x180-1.jpg\",\"inLanguage\":\"en\",\"potentialAction\":[{\"@type\":\"CommentAction\",\"name\":\"Comment\",\"target\":[\"https:\\\/\\\/foley.at\\\/index.php\\\/2022\\\/04\\\/11\\\/der-bau\\\/#respond\"]}]},{\"@type\":\"WebPage\",\"@id\":\"https:\\\/\\\/foley.at\\\/index.php\\\/2022\\\/04\\\/11\\\/der-bau\\\/\",\"url\":\"https:\\\/\\\/foley.at\\\/index.php\\\/2022\\\/04\\\/11\\\/der-bau\\\/\",\"name\":\"Der Bau - foley.at\",\"isPartOf\":{\"@id\":\"https:\\\/\\\/foley.at\\\/#website\"},\"primaryImageOfPage\":{\"@id\":\"https:\\\/\\\/foley.at\\\/index.php\\\/2022\\\/04\\\/11\\\/der-bau\\\/#primaryimage\"},\"image\":{\"@id\":\"https:\\\/\\\/foley.at\\\/index.php\\\/2022\\\/04\\\/11\\\/der-bau\\\/#primaryimage\"},\"thumbnailUrl\":\"https:\\\/\\\/foley.at\\\/wp-content\\\/uploads\\\/2022\\\/04\\\/Schauspielhaus-Graz_Der-Bau_Florian-Kohler_c_Johanna-Lamprecht_032-280x180-1.jpg\",\"datePublished\":\"2022-04-11T18:56:22+00:00\",\"dateModified\":\"2022-04-25T19:53:46+00:00\",\"author\":{\"@id\":\"https:\\\/\\\/foley.at\\\/#\\\/schema\\\/person\\\/30052c82dbf1cfd0673d02f4f82a4f07\"},\"breadcrumb\":{\"@id\":\"https:\\\/\\\/foley.at\\\/index.php\\\/2022\\\/04\\\/11\\\/der-bau\\\/#breadcrumb\"},\"inLanguage\":\"en\",\"potentialAction\":[{\"@type\":\"ReadAction\",\"target\":[\"https:\\\/\\\/foley.at\\\/index.php\\\/2022\\\/04\\\/11\\\/der-bau\\\/\"]}]},{\"@type\":\"ImageObject\",\"inLanguage\":\"en\",\"@id\":\"https:\\\/\\\/foley.at\\\/index.php\\\/2022\\\/04\\\/11\\\/der-bau\\\/#primaryimage\",\"url\":\"https:\\\/\\\/foley.at\\\/wp-content\\\/uploads\\\/2022\\\/04\\\/Schauspielhaus-Graz_Der-Bau_Florian-Kohler_c_Johanna-Lamprecht_032-280x180-1.jpg\",\"contentUrl\":\"https:\\\/\\\/foley.at\\\/wp-content\\\/uploads\\\/2022\\\/04\\\/Schauspielhaus-Graz_Der-Bau_Florian-Kohler_c_Johanna-Lamprecht_032-280x180-1.jpg\",\"width\":280,\"height\":180},{\"@type\":\"BreadcrumbList\",\"@id\":\"https:\\\/\\\/foley.at\\\/index.php\\\/2022\\\/04\\\/11\\\/der-bau\\\/#breadcrumb\",\"itemListElement\":[{\"@type\":\"ListItem\",\"position\":1,\"name\":\"Home\",\"item\":\"https:\\\/\\\/foley.at\\\/\"},{\"@type\":\"ListItem\",\"position\":2,\"name\":\"Der Bau\"}]},{\"@type\":\"WebSite\",\"@id\":\"https:\\\/\\\/foley.at\\\/#website\",\"url\":\"https:\\\/\\\/foley.at\\\/\",\"name\":\"foley.at\",\"description\":\"Organic Foley Sound Service for Film and VR\",\"potentialAction\":[{\"@type\":\"SearchAction\",\"target\":{\"@type\":\"EntryPoint\",\"urlTemplate\":\"https:\\\/\\\/foley.at\\\/?s={search_term_string}\"},\"query-input\":{\"@type\":\"PropertyValueSpecification\",\"valueRequired\":true,\"valueName\":\"search_term_string\"}}],\"inLanguage\":\"en\"},{\"@type\":\"Person\",\"@id\":\"https:\\\/\\\/foley.at\\\/#\\\/schema\\\/person\\\/30052c82dbf1cfd0673d02f4f82a4f07\",\"name\":\"Horst Schnattler\",\"image\":{\"@type\":\"ImageObject\",\"inLanguage\":\"en\",\"@id\":\"https:\\\/\\\/secure.gravatar.com\\\/avatar\\\/95893706ee785412cff5ba2258b558d7dc960ec0ae5a95d47bbc74e299cbd7e0?s=96&d=mm&r=g\",\"url\":\"https:\\\/\\\/secure.gravatar.com\\\/avatar\\\/95893706ee785412cff5ba2258b558d7dc960ec0ae5a95d47bbc74e299cbd7e0?s=96&d=mm&r=g\",\"contentUrl\":\"https:\\\/\\\/secure.gravatar.com\\\/avatar\\\/95893706ee785412cff5ba2258b558d7dc960ec0ae5a95d47bbc74e299cbd7e0?s=96&d=mm&r=g\",\"caption\":\"Horst Schnattler\"},\"sameAs\":[\"https:\\\/\\\/foley.flywheelsites.com\"],\"url\":\"https:\\\/\\\/foley.at\\\/index.php\\\/author\\\/horst\\\/\"}]}<\/script>\n<!-- \/ Yoast SEO plugin. -->","yoast_head_json":{"title":"Der Bau - foley.at","robots":{"index":"index","follow":"follow","max-snippet":"max-snippet:-1","max-image-preview":"max-image-preview:large","max-video-preview":"max-video-preview:-1"},"canonical":"https:\/\/foley.at\/index.php\/2022\/04\/11\/der-bau\/","og_locale":"en_US","og_type":"article","og_title":"Der Bau - foley.at","og_description":"\u201cDer Bau\u201d von Franz Kafka ist eine virtuelle Reise durch das Schauspielhaus Graz &#8211; und war am Set und im Studio eine dreidimensionale Sounddesign-Spielwiese. Premiere: 28. Mai 2021 MIT Florian K\u00f6hlerREGIE Elena BakirovaBILDGESTALTUNG\/SCHNITT Markus Zizenbacher\u00a0AUSSTATTUNG Tanja KrambergerDRAMATURGIE Elisabeth Tropper schauspielhaus-graz.buehnen-graz.com\/play-detail\/der-bau\/ \u201eDer VR-Brille sei Dank: Die Franz-Kafka-Erz\u00e4hlung \u201aDer Bau\u2018 f\u00fchrt als famose virtuelle Vorstellung durch das [&hellip;]","og_url":"https:\/\/foley.at\/index.php\/2022\/04\/11\/der-bau\/","og_site_name":"foley.at","article_published_time":"2022-04-11T18:56:22+00:00","article_modified_time":"2022-04-25T19:53:46+00:00","og_image":[{"width":280,"height":180,"url":"http:\/\/foley.at\/wp-content\/uploads\/2022\/04\/Schauspielhaus-Graz_Der-Bau_Florian-Kohler_c_Johanna-Lamprecht_032-280x180-1.jpg","type":"image\/jpeg"}],"author":"Horst Schnattler","twitter_card":"summary_large_image","twitter_misc":{"Written by":"Horst Schnattler","Est. reading time":"1 minute"},"schema":{"@context":"https:\/\/schema.org","@graph":[{"@type":"Article","@id":"https:\/\/foley.at\/index.php\/2022\/04\/11\/der-bau\/#article","isPartOf":{"@id":"https:\/\/foley.at\/index.php\/2022\/04\/11\/der-bau\/"},"author":{"name":"Horst Schnattler","@id":"https:\/\/foley.at\/#\/schema\/person\/30052c82dbf1cfd0673d02f4f82a4f07"},"headline":"Der Bau","datePublished":"2022-04-11T18:56:22+00:00","dateModified":"2022-04-25T19:53:46+00:00","mainEntityOfPage":{"@id":"https:\/\/foley.at\/index.php\/2022\/04\/11\/der-bau\/"},"wordCount":179,"commentCount":0,"image":{"@id":"https:\/\/foley.at\/index.php\/2022\/04\/11\/der-bau\/#primaryimage"},"thumbnailUrl":"https:\/\/foley.at\/wp-content\/uploads\/2022\/04\/Schauspielhaus-Graz_Der-Bau_Florian-Kohler_c_Johanna-Lamprecht_032-280x180-1.jpg","inLanguage":"en","potentialAction":[{"@type":"CommentAction","name":"Comment","target":["https:\/\/foley.at\/index.php\/2022\/04\/11\/der-bau\/#respond"]}]},{"@type":"WebPage","@id":"https:\/\/foley.at\/index.php\/2022\/04\/11\/der-bau\/","url":"https:\/\/foley.at\/index.php\/2022\/04\/11\/der-bau\/","name":"Der Bau - foley.at","isPartOf":{"@id":"https:\/\/foley.at\/#website"},"primaryImageOfPage":{"@id":"https:\/\/foley.at\/index.php\/2022\/04\/11\/der-bau\/#primaryimage"},"image":{"@id":"https:\/\/foley.at\/index.php\/2022\/04\/11\/der-bau\/#primaryimage"},"thumbnailUrl":"https:\/\/foley.at\/wp-content\/uploads\/2022\/04\/Schauspielhaus-Graz_Der-Bau_Florian-Kohler_c_Johanna-Lamprecht_032-280x180-1.jpg","datePublished":"2022-04-11T18:56:22+00:00","dateModified":"2022-04-25T19:53:46+00:00","author":{"@id":"https:\/\/foley.at\/#\/schema\/person\/30052c82dbf1cfd0673d02f4f82a4f07"},"breadcrumb":{"@id":"https:\/\/foley.at\/index.php\/2022\/04\/11\/der-bau\/#breadcrumb"},"inLanguage":"en","potentialAction":[{"@type":"ReadAction","target":["https:\/\/foley.at\/index.php\/2022\/04\/11\/der-bau\/"]}]},{"@type":"ImageObject","inLanguage":"en","@id":"https:\/\/foley.at\/index.php\/2022\/04\/11\/der-bau\/#primaryimage","url":"https:\/\/foley.at\/wp-content\/uploads\/2022\/04\/Schauspielhaus-Graz_Der-Bau_Florian-Kohler_c_Johanna-Lamprecht_032-280x180-1.jpg","contentUrl":"https:\/\/foley.at\/wp-content\/uploads\/2022\/04\/Schauspielhaus-Graz_Der-Bau_Florian-Kohler_c_Johanna-Lamprecht_032-280x180-1.jpg","width":280,"height":180},{"@type":"BreadcrumbList","@id":"https:\/\/foley.at\/index.php\/2022\/04\/11\/der-bau\/#breadcrumb","itemListElement":[{"@type":"ListItem","position":1,"name":"Home","item":"https:\/\/foley.at\/"},{"@type":"ListItem","position":2,"name":"Der Bau"}]},{"@type":"WebSite","@id":"https:\/\/foley.at\/#website","url":"https:\/\/foley.at\/","name":"foley.at","description":"Organic Foley Sound Service for Film and VR","potentialAction":[{"@type":"SearchAction","target":{"@type":"EntryPoint","urlTemplate":"https:\/\/foley.at\/?s={search_term_string}"},"query-input":{"@type":"PropertyValueSpecification","valueRequired":true,"valueName":"search_term_string"}}],"inLanguage":"en"},{"@type":"Person","@id":"https:\/\/foley.at\/#\/schema\/person\/30052c82dbf1cfd0673d02f4f82a4f07","name":"Horst Schnattler","image":{"@type":"ImageObject","inLanguage":"en","@id":"https:\/\/secure.gravatar.com\/avatar\/95893706ee785412cff5ba2258b558d7dc960ec0ae5a95d47bbc74e299cbd7e0?s=96&d=mm&r=g","url":"https:\/\/secure.gravatar.com\/avatar\/95893706ee785412cff5ba2258b558d7dc960ec0ae5a95d47bbc74e299cbd7e0?s=96&d=mm&r=g","contentUrl":"https:\/\/secure.gravatar.com\/avatar\/95893706ee785412cff5ba2258b558d7dc960ec0ae5a95d47bbc74e299cbd7e0?s=96&d=mm&r=g","caption":"Horst Schnattler"},"sameAs":["https:\/\/foley.flywheelsites.com"],"url":"https:\/\/foley.at\/index.php\/author\/horst\/"}]}},"_links":{"self":[{"href":"https:\/\/foley.at\/index.php\/wp-json\/wp\/v2\/posts\/84","targetHints":{"allow":["GET"]}}],"collection":[{"href":"https:\/\/foley.at\/index.php\/wp-json\/wp\/v2\/posts"}],"about":[{"href":"https:\/\/foley.at\/index.php\/wp-json\/wp\/v2\/types\/post"}],"author":[{"embeddable":true,"href":"https:\/\/foley.at\/index.php\/wp-json\/wp\/v2\/users\/2"}],"replies":[{"embeddable":true,"href":"https:\/\/foley.at\/index.php\/wp-json\/wp\/v2\/comments?post=84"}],"version-history":[{"count":3,"href":"https:\/\/foley.at\/index.php\/wp-json\/wp\/v2\/posts\/84\/revisions"}],"predecessor-version":[{"id":244,"href":"https:\/\/foley.at\/index.php\/wp-json\/wp\/v2\/posts\/84\/revisions\/244"}],"wp:featuredmedia":[{"embeddable":true,"href":"https:\/\/foley.at\/index.php\/wp-json\/wp\/v2\/media\/87"}],"wp:attachment":[{"href":"https:\/\/foley.at\/index.php\/wp-json\/wp\/v2\/media?parent=84"}],"wp:term":[{"taxonomy":"category","embeddable":true,"href":"https:\/\/foley.at\/index.php\/wp-json\/wp\/v2\/categories?post=84"},{"taxonomy":"post_tag","embeddable":true,"href":"https:\/\/foley.at\/index.php\/wp-json\/wp\/v2\/tags?post=84"}],"curies":[{"name":"wp","href":"https:\/\/api.w.org\/{rel}","templated":true}]}}